{"id":5957,"date":"2022-09-14T14:35:57","date_gmt":"2022-09-14T14:35:57","guid":{"rendered":"https:\/\/re-spa.com\/non-categorizzato\/nuova-cover-intelligente-edm-per-freno-combiflex\/"},"modified":"2024-11-21T10:58:26","modified_gmt":"2024-11-21T10:58:26","slug":"nuova-cover-intelligente-edm-per-freno-combiflex","status":"publish","type":"post","link":"https:\/\/re-spa.com\/it\/all-news-it\/nuova-cover-intelligente-edm-per-freno-combiflex\/","title":{"rendered":"Nuova cover intelligente EDM per freno Combiflex"},"content":{"rendered":"<section class=\"l-section wpb_row height_medium width_full\"><div class=\"l-section-h i-cf\"><div class=\"g-cols vc_row via_grid cols_1 laptops-cols_inherit tablets-cols_inherit mobiles-cols_1 valign_top type_default stacking_default\"><div class=\"wpb_column vc_column_container\"><div class=\"vc_column-inner\"><div class=\"wpb_text_column\"><div class=\"wpb_wrapper\"><p>Il freno pneumatico Combiflex Re, rappresenta da decenni il punto di riferimento per l\u2019industria del converting e, in particolar modo, per il settore di produzione di cartone ondulato in tutto il mondo.<\/p>\n<p>Il freno, infatti, \u00e8 in grado di raggiungere performance che nessun altro freno \u00e8 in grado di assicurare in termini di dissipazione del calore, coppia, stabilit\u00e0, dimensioni e rispetto per l\u2019ambiente.<br \/>\nMa, il settore del cartone ondulato, \u00e8 in continua evoluzione e la Re ha l\u2019obbligo di stare al passo per rispondere a queste necessit\u00e0.<\/p>\n<p>Ad oggi, ci\u00f2 che ci viene maggiormente richiesto \u00e8 il poter raggiungere velocit\u00e0 sempre pi\u00f9 elevate senza perdere in termini di dissipazione, dimensioni e manutenzione; ed \u00e8 proprio in questa direzione che il nostro reparto R&#038;D si sta muovendo per garantire i soliti elevati standard qualitativi che il mercato si aspetta dal nostro brand.<\/p>\n<p>Su queste necessit\u00e0 \u00e8 nata la nuova evoluzione del freno Combiflex: la nuova cover intelligente EDM \u00e8 stata studiata per essere in grado di modulare la velocit\u00e0 del ventilatore in modo istantaneo ed automatico a seconda dell\u2019esigenza di lavoro. Infatti, un sistema di sensori interno, \u00e8 in grado di rilevare la temperatura ed aggiustare il numero di giri del ventilatore in modo da aumentare l\u2019efficienza del freno partendo dalla dissipazione del calore e dall\u2019importante incremento in termini di durata e ciclo di vita di ogni componente.<\/p>\n<p>Inoltre, notevole \u00e8 il risparmio in termini di corrente utilizzata e di abbassamento del livello acustico in quanto il ventilatore non avr\u00e0 pi\u00f9 necessit\u00e0 di girare sempre al massimo. Infine tre led luminosi permettono di visualizzare live l\u2019andamento della ventilazione del freno.<\/p>\n<p>La nuova evoluzione di Combiflex ci permette ancora una volta di stare al passo con l\u2019evoluzione degli impianti di produzione di cartone ondulato, consapevoli per\u00f2, che non possiamo mai fermarci.<\/p>\n<\/div><\/div><div class=\"w-separator size_small\"><\/div><div class=\"w-image align_none\"><div class=\"w-image-h\"><img decoding=\"async\" width=\"808\" height=\"348\" src=\"https:\/\/re-spa.com\/wp-content\/uploads\/2024\/06\/808x348-Re-SpA-Brake-EDM-cover.jpg\" class=\"attachment-full size-full\" alt=\"\" loading=\"lazy\" srcset=\"https:\/\/re-spa.com\/wp-content\/uploads\/2024\/06\/808x348-Re-SpA-Brake-EDM-cover.jpg 808w, https:\/\/re-spa.com\/wp-content\/uploads\/2024\/06\/808x348-Re-SpA-Brake-EDM-cover-300x129.jpg 300w\" sizes=\"auto, (max-width: 808px) 100vw, 808px\" \/><\/div><\/div><div class=\"w-separator size_small\"><\/div><\/div><\/div><\/div><\/div><\/section>\n","protected":false},"excerpt":{"rendered":"Il freno pneumatico Combiflex Re, rappresenta da decenni il punto di riferimento per l\u2019industria del converting e, in particolar modo, per il settore di produzione di cartone ondulato in tutto il mondo. Il freno, infatti, \u00e8 in grado di raggiungere performance che nessun altro freno \u00e8 in grado di assicurare in termini di dissipazione del...","protected":false},"author":3,"featured_media":3863,"comment_status":"closed","ping_status":"open","sticky":false,"template":"","format":"standard","meta":{"_acf_changed":false,"footnotes":""},"categories":[266,268],"tags":[],"class_list":["post-5957","post","type-post","status-publish","format-standard","has-post-thumbnail","hentry","category-all-news-it","category-prodotti"],"acf":[],"yoast_head":"<!-- This site is optimized with the Yoast SEO plugin v26.0 - https:\/\/yoast.com\/wordpress\/plugins\/seo\/ -->\n<title>Nuova cover intelligente EDM per freno Combiflex - Re Spa<\/title>\n<meta name=\"robots\" content=\"index, follow, max-snippet:-1, max-image-preview:large, max-video-preview:-1\" \/>\n<link rel=\"canonical\" href=\"https:\/\/re-spa.com\/it\/all-news-it\/nuova-cover-intelligente-edm-per-freno-combiflex\/\" \/>\n<meta property=\"og:locale\" content=\"it_IT\" \/>\n<meta property=\"og:type\" content=\"article\" \/>\n<meta property=\"og:title\" content=\"Nuova cover intelligente EDM per freno Combiflex - Re Spa\" \/>\n<meta property=\"og:url\" content=\"https:\/\/re-spa.com\/it\/all-news-it\/nuova-cover-intelligente-edm-per-freno-combiflex\/\" \/>\n<meta property=\"og:site_name\" content=\"Re Spa\" \/>\n<meta property=\"article:publisher\" content=\"https:\/\/www.facebook.com\/ReControlliIndustriali\" \/>\n<meta property=\"article:published_time\" content=\"2022-09-14T14:35:57+00:00\" \/>\n<meta property=\"article:modified_time\" content=\"2024-11-21T10:58:26+00:00\" \/>\n<meta property=\"og:image\" content=\"https:\/\/re-spa.com\/wp-content\/uploads\/2024\/06\/800x0-Re-SpA-Brake-EDM-cover-2.jpg\" \/>\n\t<meta property=\"og:image:width\" content=\"800\" \/>\n\t<meta property=\"og:image:height\" content=\"348\" \/>\n\t<meta property=\"og:image:type\" content=\"image\/jpeg\" \/>\n<meta name=\"author\" content=\"nicolo\" \/>\n<meta name=\"twitter:card\" content=\"summary_large_image\" \/>\n<meta name=\"twitter:label1\" content=\"Scritto da\" \/>\n\t<meta name=\"twitter:data1\" content=\"nicolo\" \/>\n\t<meta name=\"twitter:label2\" content=\"Tempo di lettura stimato\" \/>\n\t<meta name=\"twitter:data2\" content=\"2 minuti\" \/>\n<script type=\"application\/ld+json\" class=\"yoast-schema-graph\">{\"@context\":\"https:\/\/schema.org\",\"@graph\":[{\"@type\":\"Article\",\"@id\":\"https:\/\/re-spa.com\/it\/all-news-it\/nuova-cover-intelligente-edm-per-freno-combiflex\/#article\",\"isPartOf\":{\"@id\":\"https:\/\/re-spa.com\/it\/all-news-it\/nuova-cover-intelligente-edm-per-freno-combiflex\/\"},\"author\":{\"name\":\"nicolo\",\"@id\":\"https:\/\/re-spa.com\/it\/#\/schema\/person\/1e9218f5f2ef288e8dee25318717305d\"},\"headline\":\"Nuova cover intelligente EDM per freno Combiflex\",\"datePublished\":\"2022-09-14T14:35:57+00:00\",\"dateModified\":\"2024-11-21T10:58:26+00:00\",\"mainEntityOfPage\":{\"@id\":\"https:\/\/re-spa.com\/it\/all-news-it\/nuova-cover-intelligente-edm-per-freno-combiflex\/\"},\"wordCount\":341,\"publisher\":{\"@id\":\"https:\/\/re-spa.com\/it\/#organization\"},\"image\":{\"@id\":\"https:\/\/re-spa.com\/it\/all-news-it\/nuova-cover-intelligente-edm-per-freno-combiflex\/#primaryimage\"},\"thumbnailUrl\":\"https:\/\/re-spa.com\/wp-content\/uploads\/2024\/06\/800x0-Re-SpA-Brake-EDM-cover-2.jpg\",\"articleSection\":[\"Tutte le news\",\"Prodotti\"],\"inLanguage\":\"it-IT\"},{\"@type\":\"WebPage\",\"@id\":\"https:\/\/re-spa.com\/it\/all-news-it\/nuova-cover-intelligente-edm-per-freno-combiflex\/\",\"url\":\"https:\/\/re-spa.com\/it\/all-news-it\/nuova-cover-intelligente-edm-per-freno-combiflex\/\",\"name\":\"Nuova cover intelligente EDM per freno Combiflex - Re Spa\",\"isPartOf\":{\"@id\":\"https:\/\/re-spa.com\/it\/#website\"},\"primaryImageOfPage\":{\"@id\":\"https:\/\/re-spa.com\/it\/all-news-it\/nuova-cover-intelligente-edm-per-freno-combiflex\/#primaryimage\"},\"image\":{\"@id\":\"https:\/\/re-spa.com\/it\/all-news-it\/nuova-cover-intelligente-edm-per-freno-combiflex\/#primaryimage\"},\"thumbnailUrl\":\"https:\/\/re-spa.com\/wp-content\/uploads\/2024\/06\/800x0-Re-SpA-Brake-EDM-cover-2.jpg\",\"datePublished\":\"2022-09-14T14:35:57+00:00\",\"dateModified\":\"2024-11-21T10:58:26+00:00\",\"breadcrumb\":{\"@id\":\"https:\/\/re-spa.com\/it\/all-news-it\/nuova-cover-intelligente-edm-per-freno-combiflex\/#breadcrumb\"},\"inLanguage\":\"it-IT\",\"potentialAction\":[{\"@type\":\"ReadAction\",\"target\":[\"https:\/\/re-spa.com\/it\/all-news-it\/nuova-cover-intelligente-edm-per-freno-combiflex\/\"]}]},{\"@type\":\"ImageObject\",\"inLanguage\":\"it-IT\",\"@id\":\"https:\/\/re-spa.com\/it\/all-news-it\/nuova-cover-intelligente-edm-per-freno-combiflex\/#primaryimage\",\"url\":\"https:\/\/re-spa.com\/wp-content\/uploads\/2024\/06\/800x0-Re-SpA-Brake-EDM-cover-2.jpg\",\"contentUrl\":\"https:\/\/re-spa.com\/wp-content\/uploads\/2024\/06\/800x0-Re-SpA-Brake-EDM-cover-2.jpg\",\"width\":800,\"height\":348},{\"@type\":\"BreadcrumbList\",\"@id\":\"https:\/\/re-spa.com\/it\/all-news-it\/nuova-cover-intelligente-edm-per-freno-combiflex\/#breadcrumb\",\"itemListElement\":[{\"@type\":\"ListItem\",\"position\":1,\"name\":\"Home\",\"item\":\"https:\/\/re-spa.com\/it\/\"},{\"@type\":\"ListItem\",\"position\":2,\"name\":\"Nuova cover intelligente EDM per freno Combiflex\"}]},{\"@type\":\"WebSite\",\"@id\":\"https:\/\/re-spa.com\/it\/#website\",\"url\":\"https:\/\/re-spa.com\/it\/\",\"name\":\"Re SpA\",\"description\":\"One company...1000 solutions\",\"publisher\":{\"@id\":\"https:\/\/re-spa.com\/it\/#organization\"},\"potentialAction\":[{\"@type\":\"SearchAction\",\"target\":{\"@type\":\"EntryPoint\",\"urlTemplate\":\"https:\/\/re-spa.com\/it\/?s={search_term_string}\"},\"query-input\":{\"@type\":\"PropertyValueSpecification\",\"valueRequired\":true,\"valueName\":\"search_term_string\"}}],\"inLanguage\":\"it-IT\"},{\"@type\":\"Organization\",\"@id\":\"https:\/\/re-spa.com\/it\/#organization\",\"name\":\"Re S.p.A. controlli industriali\",\"alternateName\":\"Re S.p.A.\",\"url\":\"https:\/\/re-spa.com\/it\/\",\"logo\":{\"@type\":\"ImageObject\",\"inLanguage\":\"it-IT\",\"@id\":\"https:\/\/re-spa.com\/it\/#\/schema\/logo\/image\/\",\"url\":\"https:\/\/re-spa.com\/wp-content\/uploads\/2025\/11\/cropped-favicon.png\",\"contentUrl\":\"https:\/\/re-spa.com\/wp-content\/uploads\/2025\/11\/cropped-favicon.png\",\"width\":512,\"height\":512,\"caption\":\"Re S.p.A. controlli industriali\"},\"image\":{\"@id\":\"https:\/\/re-spa.com\/it\/#\/schema\/logo\/image\/\"},\"sameAs\":[\"https:\/\/www.facebook.com\/ReControlliIndustriali\",\"https:\/\/www.linkedin.com\/company\/re-controlli-industriali\/\",\"https:\/\/www.youtube.com\/Recontrolli\"]},{\"@type\":\"Person\",\"@id\":\"https:\/\/re-spa.com\/it\/#\/schema\/person\/1e9218f5f2ef288e8dee25318717305d\",\"name\":\"nicolo\",\"image\":{\"@type\":\"ImageObject\",\"inLanguage\":\"it-IT\",\"@id\":\"https:\/\/re-spa.com\/it\/#\/schema\/person\/image\/\",\"url\":\"https:\/\/secure.gravatar.com\/avatar\/1dee4f9d7510bf6922feed91df208c6ab38cd3df0c3f7259f113319ca311f323?s=96&d=mm&r=g\",\"contentUrl\":\"https:\/\/secure.gravatar.com\/avatar\/1dee4f9d7510bf6922feed91df208c6ab38cd3df0c3f7259f113319ca311f323?s=96&d=mm&r=g\",\"caption\":\"nicolo\"}}]}<\/script>\n<!-- \/ Yoast SEO plugin. -->","yoast_head_json":{"title":"Nuova cover intelligente EDM per freno Combiflex - Re Spa","robots":{"index":"index","follow":"follow","max-snippet":"max-snippet:-1","max-image-preview":"max-image-preview:large","max-video-preview":"max-video-preview:-1"},"canonical":"https:\/\/re-spa.com\/it\/all-news-it\/nuova-cover-intelligente-edm-per-freno-combiflex\/","og_locale":"it_IT","og_type":"article","og_title":"Nuova cover intelligente EDM per freno Combiflex - Re Spa","og_url":"https:\/\/re-spa.com\/it\/all-news-it\/nuova-cover-intelligente-edm-per-freno-combiflex\/","og_site_name":"Re Spa","article_publisher":"https:\/\/www.facebook.com\/ReControlliIndustriali","article_published_time":"2022-09-14T14:35:57+00:00","article_modified_time":"2024-11-21T10:58:26+00:00","og_image":[{"width":800,"height":348,"url":"https:\/\/re-spa.com\/wp-content\/uploads\/2024\/06\/800x0-Re-SpA-Brake-EDM-cover-2.jpg","type":"image\/jpeg"}],"author":"nicolo","twitter_card":"summary_large_image","twitter_misc":{"Scritto da":"nicolo","Tempo di lettura stimato":"2 minuti"},"schema":{"@context":"https:\/\/schema.org","@graph":[{"@type":"Article","@id":"https:\/\/re-spa.com\/it\/all-news-it\/nuova-cover-intelligente-edm-per-freno-combiflex\/#article","isPartOf":{"@id":"https:\/\/re-spa.com\/it\/all-news-it\/nuova-cover-intelligente-edm-per-freno-combiflex\/"},"author":{"name":"nicolo","@id":"https:\/\/re-spa.com\/it\/#\/schema\/person\/1e9218f5f2ef288e8dee25318717305d"},"headline":"Nuova cover intelligente EDM per freno Combiflex","datePublished":"2022-09-14T14:35:57+00:00","dateModified":"2024-11-21T10:58:26+00:00","mainEntityOfPage":{"@id":"https:\/\/re-spa.com\/it\/all-news-it\/nuova-cover-intelligente-edm-per-freno-combiflex\/"},"wordCount":341,"publisher":{"@id":"https:\/\/re-spa.com\/it\/#organization"},"image":{"@id":"https:\/\/re-spa.com\/it\/all-news-it\/nuova-cover-intelligente-edm-per-freno-combiflex\/#primaryimage"},"thumbnailUrl":"https:\/\/re-spa.com\/wp-content\/uploads\/2024\/06\/800x0-Re-SpA-Brake-EDM-cover-2.jpg","articleSection":["Tutte le news","Prodotti"],"inLanguage":"it-IT"},{"@type":"WebPage","@id":"https:\/\/re-spa.com\/it\/all-news-it\/nuova-cover-intelligente-edm-per-freno-combiflex\/","url":"https:\/\/re-spa.com\/it\/all-news-it\/nuova-cover-intelligente-edm-per-freno-combiflex\/","name":"Nuova cover intelligente EDM per freno Combiflex - Re Spa","isPartOf":{"@id":"https:\/\/re-spa.com\/it\/#website"},"primaryImageOfPage":{"@id":"https:\/\/re-spa.com\/it\/all-news-it\/nuova-cover-intelligente-edm-per-freno-combiflex\/#primaryimage"},"image":{"@id":"https:\/\/re-spa.com\/it\/all-news-it\/nuova-cover-intelligente-edm-per-freno-combiflex\/#primaryimage"},"thumbnailUrl":"https:\/\/re-spa.com\/wp-content\/uploads\/2024\/06\/800x0-Re-SpA-Brake-EDM-cover-2.jpg","datePublished":"2022-09-14T14:35:57+00:00","dateModified":"2024-11-21T10:58:26+00:00","breadcrumb":{"@id":"https:\/\/re-spa.com\/it\/all-news-it\/nuova-cover-intelligente-edm-per-freno-combiflex\/#breadcrumb"},"inLanguage":"it-IT","potentialAction":[{"@type":"ReadAction","target":["https:\/\/re-spa.com\/it\/all-news-it\/nuova-cover-intelligente-edm-per-freno-combiflex\/"]}]},{"@type":"ImageObject","inLanguage":"it-IT","@id":"https:\/\/re-spa.com\/it\/all-news-it\/nuova-cover-intelligente-edm-per-freno-combiflex\/#primaryimage","url":"https:\/\/re-spa.com\/wp-content\/uploads\/2024\/06\/800x0-Re-SpA-Brake-EDM-cover-2.jpg","contentUrl":"https:\/\/re-spa.com\/wp-content\/uploads\/2024\/06\/800x0-Re-SpA-Brake-EDM-cover-2.jpg","width":800,"height":348},{"@type":"BreadcrumbList","@id":"https:\/\/re-spa.com\/it\/all-news-it\/nuova-cover-intelligente-edm-per-freno-combiflex\/#breadcrumb","itemListElement":[{"@type":"ListItem","position":1,"name":"Home","item":"https:\/\/re-spa.com\/it\/"},{"@type":"ListItem","position":2,"name":"Nuova cover intelligente EDM per freno Combiflex"}]},{"@type":"WebSite","@id":"https:\/\/re-spa.com\/it\/#website","url":"https:\/\/re-spa.com\/it\/","name":"Re SpA","description":"One company...1000 solutions","publisher":{"@id":"https:\/\/re-spa.com\/it\/#organization"},"potentialAction":[{"@type":"SearchAction","target":{"@type":"EntryPoint","urlTemplate":"https:\/\/re-spa.com\/it\/?s={search_term_string}"},"query-input":{"@type":"PropertyValueSpecification","valueRequired":true,"valueName":"search_term_string"}}],"inLanguage":"it-IT"},{"@type":"Organization","@id":"https:\/\/re-spa.com\/it\/#organization","name":"Re S.p.A. controlli industriali","alternateName":"Re S.p.A.","url":"https:\/\/re-spa.com\/it\/","logo":{"@type":"ImageObject","inLanguage":"it-IT","@id":"https:\/\/re-spa.com\/it\/#\/schema\/logo\/image\/","url":"https:\/\/re-spa.com\/wp-content\/uploads\/2025\/11\/cropped-favicon.png","contentUrl":"https:\/\/re-spa.com\/wp-content\/uploads\/2025\/11\/cropped-favicon.png","width":512,"height":512,"caption":"Re S.p.A. controlli industriali"},"image":{"@id":"https:\/\/re-spa.com\/it\/#\/schema\/logo\/image\/"},"sameAs":["https:\/\/www.facebook.com\/ReControlliIndustriali","https:\/\/www.linkedin.com\/company\/re-controlli-industriali\/","https:\/\/www.youtube.com\/Recontrolli"]},{"@type":"Person","@id":"https:\/\/re-spa.com\/it\/#\/schema\/person\/1e9218f5f2ef288e8dee25318717305d","name":"nicolo","image":{"@type":"ImageObject","inLanguage":"it-IT","@id":"https:\/\/re-spa.com\/it\/#\/schema\/person\/image\/","url":"https:\/\/secure.gravatar.com\/avatar\/1dee4f9d7510bf6922feed91df208c6ab38cd3df0c3f7259f113319ca311f323?s=96&d=mm&r=g","contentUrl":"https:\/\/secure.gravatar.com\/avatar\/1dee4f9d7510bf6922feed91df208c6ab38cd3df0c3f7259f113319ca311f323?s=96&d=mm&r=g","caption":"nicolo"}}]}},"_links":{"self":[{"href":"https:\/\/re-spa.com\/it\/wp-json\/wp\/v2\/posts\/5957","targetHints":{"allow":["GET"]}}],"collection":[{"href":"https:\/\/re-spa.com\/it\/wp-json\/wp\/v2\/posts"}],"about":[{"href":"https:\/\/re-spa.com\/it\/wp-json\/wp\/v2\/types\/post"}],"author":[{"embeddable":true,"href":"https:\/\/re-spa.com\/it\/wp-json\/wp\/v2\/users\/3"}],"replies":[{"embeddable":true,"href":"https:\/\/re-spa.com\/it\/wp-json\/wp\/v2\/comments?post=5957"}],"version-history":[{"count":2,"href":"https:\/\/re-spa.com\/it\/wp-json\/wp\/v2\/posts\/5957\/revisions"}],"predecessor-version":[{"id":5959,"href":"https:\/\/re-spa.com\/it\/wp-json\/wp\/v2\/posts\/5957\/revisions\/5959"}],"wp:featuredmedia":[{"embeddable":true,"href":"https:\/\/re-spa.com\/it\/wp-json\/wp\/v2\/media\/3863"}],"wp:attachment":[{"href":"https:\/\/re-spa.com\/it\/wp-json\/wp\/v2\/media?parent=5957"}],"wp:term":[{"taxonomy":"category","embeddable":true,"href":"https:\/\/re-spa.com\/it\/wp-json\/wp\/v2\/categories?post=5957"},{"taxonomy":"post_tag","embeddable":true,"href":"https:\/\/re-spa.com\/it\/wp-json\/wp\/v2\/tags?post=5957"}],"curies":[{"name":"wp","href":"https:\/\/api.w.org\/{rel}","templated":true}]}}